{"id":2016,"date":"2024-01-29T09:31:18","date_gmt":"2024-01-29T08:31:18","guid":{"rendered":"https:\/\/www.arf-formation.fr\/arf2\/?p=2016"},"modified":"2025-10-28T16:23:01","modified_gmt":"2025-10-28T15:23:01","slug":"prevention-des-troubles-musculo-squelettiques-tms","status":"publish","type":"post","link":"https:\/\/www.ajf-formation.fr\/ajf2\/prevention-des-troubles-musculo-squelettiques-tms\/","title":{"rendered":"Pr\u00e9vention des Troubles Musculo-Squelettiques (TMS)"},"content":{"rendered":"\r\n<section class=\"wp-block-group training is-layout-flow wp-block-group-is-layout-flow\"><hr class=\"wp-block-separator has-alpha-channel-opacity\" \/>\r\n\r\n\r\n<div class=\"wp-block-group is-layout-flow wp-block-group-is-layout-flow\">\r\n<h3 class=\"wp-block-heading\">Objectifs<\/h3>\r\n\r\n\r\n\r\n<div class=\"wp-block-group is-layout-flow wp-block-group-is-layout-flow\">\r\n<ul class=\"wp-block-list\">\r\n<li>Limiter les risques lors des gestes professionnels<\/li>\r\n\r\n\r\n\r\n<li>Conna\u00eetre les techniques ergonomiques de verrouillage lors du soulever, du porter et du d\u00e9placement de diverses charges<\/li>\r\n\r\n\r\n\r\n<li>Conna\u00eetre les moyens pratiques et gymniques pour renforcer l&rsquo;architecture m\u00e9canique<\/li>\r\n<\/ul>\r\n<\/div>\r\n<\/div>\r\n\r\n\r\n\r\n<div class=\"wp-block-group is-layout-flow wp-block-group-is-layout-flow\">\r\n<h3 class=\"wp-block-heading\">Public et pr\u00e9requis<\/h3>\r\n\r\n\r\n\r\n<div class=\"wp-block-group evenly is-nowrap is-layout-flex wp-container-core-group-is-layout-ad2f72ca wp-block-group-is-layout-flex\">\r\n<div class=\"wp-block-group is-layout-flow wp-block-group-is-layout-flow\">\r\n<h4 class=\"wp-block-heading centered\">Public<\/h4>\r\n\r\n\r\n\r\n<p>Personnel technique et administratif<\/p>\r\n<\/div>\r\n\r\n\r\n\r\n<div class=\"wp-block-group is-layout-flow wp-block-group-is-layout-flow\">\r\n<h4 class=\"wp-block-heading centered\">Pr\u00e9requis<\/h4>\r\n\r\n\r\n\r\n<ul class=\"wp-block-list\">\r\n<li>Aucun<\/li>\r\n<\/ul>\r\n<\/div>\r\n\r\n\r\n\r\n<div class=\"wp-block-group is-layout-flow wp-block-group-is-layout-flow\">\r\n<h4 class=\"wp-block-heading centered\">Capacit\u00e9 de session<\/h4>\r\n\r\n\r\n\r\n<p>Groupe de 10 personnes maximum<\/p>\r\n<\/div>\r\n<\/div>\r\n<\/div>\r\n\r\n\r\n\r\n<div class=\"wp-block-group is-layout-flow wp-block-group-is-layout-flow\">\r\n<h3 class=\"wp-block-heading\">Dur\u00e9e et lieu de formation<\/h3>\r\n\r\n\r\n\r\n<div class=\"wp-block-group evenly is-nowrap is-layout-flex wp-container-core-group-is-layout-ad2f72ca wp-block-group-is-layout-flex\">\r\n<div class=\"wp-block-group is-layout-flow wp-block-group-is-layout-flow\">\r\n<h4 class=\"wp-block-heading centered\">Dur\u00e9e<\/h4>\r\n\r\n\r\n\r\n<ul class=\"wp-block-list\">\r\n<li>1 jour soit 7 heures<\/li>\r\n<\/ul>\r\n<\/div>\r\n\r\n\r\n\r\n<div class=\"wp-block-group is-layout-flow wp-block-group-is-layout-flow\">\r\n<h4 class=\"wp-block-heading centered\">Lieu de formation<\/h4>\r\n\r\n\r\n\r\n<p>Sur votre site et avec votre mat\u00e9riel en situation de travail<\/p>\r\n<\/div>\r\n<\/div>\r\n<\/div>\r\n\r\n\r\n<hr class=\"wp-block-separator has-alpha-channel-opacity\" \/><\/section>\r\n\r\n\r\n\r\n<section class=\"wp-block-group training part is-layout-flow wp-block-group-is-layout-flow\">\r\n<h3 class=\"wp-block-heading\">Contenu<\/h3>\r\n\r\n\r\n\r\n<div class=\"wp-block-group is-layout-flow wp-block-group-is-layout-flow\">\r\n<ul class=\"wp-block-list\">\r\n<li>Introduction sur les troubles musculo-squelettiques (TMS)<\/li>\r\n\r\n\r\n\r\n<li>Notions sur le fonctionnement du corps et l&rsquo;apparition des TMS<\/li>\r\n\r\n\r\n\r\n<li>Etude des postes de travail<\/li>\r\n\r\n\r\n\r\n<li>Principes d&rsquo;\u00e9conomie d&rsquo;effort et de s\u00e9curit\u00e9 physique pour pr\u00e9venir des TMS<\/li>\r\n\r\n\r\n\r\n<li>Entra\u00eenement aux gestes corrects sp\u00e9cifiques au m\u00e9tier<\/li>\r\n\r\n\r\n\r\n<li>Gestes de la vie quotidienne : la sant\u00e9 ne s&rsquo;arr\u00eate pas au travail<\/li>\r\n\r\n\r\n\r\n<li>Hygi\u00e8ne de vie pour pr\u00e9venir des TMS<\/li>\r\n<\/ul>\r\n<\/div>\r\n<\/section>\r\n\r\n\r\n\r\n<section class=\"wp-block-group training foot-part is-layout-flow wp-block-group-is-layout-flow\"><hr class=\"wp-block-separator has-alpha-channel-opacity is-style-default\" \/>\r\n\r\n\r\n<h3 class=\"wp-block-heading\">Moyens et m\u00e9thodes p\u00e9dagogiques\u00a0<\/h3>\r\n\r\n\r\n\r\n<h4 class=\"wp-block-heading\">M\u00e9thode p\u00e9dagogiques<\/h4>\r\n\r\n\r\n\r\n<ul class=\"wp-block-list\">\r\n<li>Partie th\u00e9orique sur power point (support de formation) + QCM<\/li>\r\n\r\n\r\n\r\n<li>Partie pratique mise en situation sur le poste de travail<\/li>\r\n<\/ul>\r\n<h4 class=\"wp-block-heading\">Moyens p\u00e9dagogiques<\/h4>\r\n<ul>\r\n\r\n\r\n<li>Vid\u00e9o projecteur<\/li>\r\n<li>Ordinateur<\/li>\r\n<li>Mannequin de d\u00e9monstration type B\u00e9bert<\/li>\r\n<li>Caisse avec et\/ou sans poign\u00e9es<\/li>\r\n<li>Colonne vert\u00e9brale en plastique<\/li>\r\n<li>Seau<\/li>\r\n<li>Livrets stagiaire<\/li>\r\n<\/ul>\r\n\r\n\r\n\r\n<h4 class=\"wp-block-heading\">Encadrement<\/h4>\r\n\r\n\r\n\r\n<p>Technicien formateur qualifi\u00e9<\/p>\r\n\r\n\r\n\r\n<h3 class=\"wp-block-heading\">Modalit\u00e9s de suivi et de validation<\/h3>\r\n\r\n\r\n\r\n<h4 class=\"wp-block-heading\">Suivi<\/h4>\r\n\r\n\r\n\r\n<p>\u00c9margement par demi-journ\u00e9e, \u00e9galement sign\u00e9e par le formateur.<\/p>\r\n\r\n\r\n\r\n<h4 class=\"wp-block-heading\">\u00c9valuation<\/h4>\r\n\r\n\r\n\r\n<ul class=\"wp-block-list\">\r\n<li>QCM Th\u00e9orique sur 20 question avec un maximum de 20 points et un avis favorable \u00e0 partir de 14 points<\/li>\r\n\r\n\r\n\r\n<li>Mise en situation pratique avec votre mat\u00e9riel<\/li>\r\n<\/ul>\r\n\r\n\r\n\r\n<h4 class=\"wp-block-heading\">Validation<\/h4>\r\n\r\n\r\n\r\n<p>Cette formation donnera lieu \u00e0 la remise d&rsquo;une attestation de fin de formation<\/p>\r\n\r\n\r\n\r\n<h3 class=\"wp-block-heading\">Tarification<\/h3>\r\n\r\n\r\n\r\n<p>Co\u00fbt journalier : Nous contacter<\/p>\r\n\r\n\r\n\r\n<div class=\"wp-block-group ref-rev is-nowrap is-layout-flex wp-container-core-group-is-layout-ad2f72ca wp-block-group-is-layout-flex\">\r\n<p>R\u00e9f\u00e9rence : REFDIV019<\/p>\r\n\r\n\r\n<hr class=\"wp-block-separator has-alpha-channel-opacity\" \/>\r\n\r\n\r\n<p>R\u00e9vision : Jan. 2024<\/p>\r\n\r\n\r\n\r\n<div class=\"wp-block-buttons is-layout-flex wp-block-buttons-is-layout-flex\">\r\n<div class=\"wp-block-button has-custom-font-size has-small-font-size\"><a class=\"wp-block-button__link has-white-color has-metallic-red-background-color has-text-color has-background wp-element-button\" style=\"border-radius: 5px; padding: var(--wp--preset--spacing--20);\" target=\"_blank\" rel=\"noreferrer noopener\">PDF<\/a><\/div>\r\n<\/div>\r\n<\/div>\r\n<\/section>\r\n","protected":false},"excerpt":{"rendered":"<p>Objectifs Public et pr\u00e9requis Public Personnel technique et administratif Pr\u00e9requis Capacit\u00e9 de session Groupe de 10 personnes maximum Dur\u00e9e et lieu de formation Dur\u00e9e Lieu de formation Sur votre site et avec votre mat\u00e9riel en situation de travail Contenu Moyens et m\u00e9thodes p\u00e9dagogiques\u00a0 M\u00e9thode p\u00e9dagogiques Encadrement Technicien formateur qualifi\u00e9 Modalit\u00e9s de suivi et de validation [&hellip;]<\/p>\n","protected":false},"author":2,"featured_media":0,"comment_status":"closed","ping_status":"open","sticky":false,"template":"","format":"standard","meta":{"footnotes":""},"categories":[16],"tags":[],"class_list":["post-2016","post","type-post","status-publish","format-standard","hentry","category-secourisme-ergonomie"],"_links":{"self":[{"href":"https:\/\/www.ajf-formation.fr\/ajf2\/wp-json\/wp\/v2\/posts\/2016","targetHints":{"allow":["GET"]}}],"collection":[{"href":"https:\/\/www.ajf-formation.fr\/ajf2\/wp-json\/wp\/v2\/posts"}],"about":[{"href":"https:\/\/www.ajf-formation.fr\/ajf2\/wp-json\/wp\/v2\/types\/post"}],"author":[{"embeddable":true,"href":"https:\/\/www.ajf-formation.fr\/ajf2\/wp-json\/wp\/v2\/users\/2"}],"replies":[{"embeddable":true,"href":"https:\/\/www.ajf-formation.fr\/ajf2\/wp-json\/wp\/v2\/comments?post=2016"}],"version-history":[{"count":3,"href":"https:\/\/www.ajf-formation.fr\/ajf2\/wp-json\/wp\/v2\/posts\/2016\/revisions"}],"predecessor-version":[{"id":2306,"href":"https:\/\/www.ajf-formation.fr\/ajf2\/wp-json\/wp\/v2\/posts\/2016\/revisions\/2306"}],"wp:attachment":[{"href":"https:\/\/www.ajf-formation.fr\/ajf2\/wp-json\/wp\/v2\/media?parent=2016"}],"wp:term":[{"taxonomy":"category","embeddable":true,"href":"https:\/\/www.ajf-formation.fr\/ajf2\/wp-json\/wp\/v2\/categories?post=2016"},{"taxonomy":"post_tag","embeddable":true,"href":"https:\/\/www.ajf-formation.fr\/ajf2\/wp-json\/wp\/v2\/tags?post=2016"}],"curies":[{"name":"wp","href":"https:\/\/api.w.org\/{rel}","templated":true}]}}