{"id":1698,"date":"2024-01-23T15:18:04","date_gmt":"2024-01-23T14:18:04","guid":{"rendered":"https:\/\/www.arf-formation.fr\/arf2\/?p=1698"},"modified":"2025-11-14T11:24:35","modified_gmt":"2025-11-14T10:24:35","slug":"comprendre-et-manager-les-risques-psychosociaux-en-entreprise","status":"publish","type":"post","link":"https:\/\/www.ajf-formation.fr\/ajf2\/comprendre-et-manager-les-risques-psychosociaux-en-entreprise\/","title":{"rendered":"Comprendre et manager les risques psychosociaux en entreprise"},"content":{"rendered":"\r\n<section class=\"wp-block-group training is-layout-flow wp-block-group-is-layout-flow\"><hr class=\"wp-block-separator has-alpha-channel-opacity\" \/>\r\n\r\n\r\n<div class=\"wp-block-group is-layout-flow wp-block-group-is-layout-flow\">\r\n<div class=\"wp-block-group is-layout-flow wp-block-group-is-layout-flow\">\r\n<h3 class=\"wp-block-heading\">Objectifs<\/h3>\r\n\r\n\r\n\r\n<p>Conna\u00eetre les risques psychosociaux en entreprise<\/p>\r\n\r\n\r\n\r\n<ul class=\"wp-block-list\">\r\n<li>Stress<\/li>\r\n\r\n\r\n\r\n<li>Burn-out<\/li>\r\n\r\n\r\n\r\n<li>Harc\u00e8lement moral<\/li>\r\n\r\n\r\n\r\n<li>Harc\u00e8lement sexuel<\/li>\r\n\r\n\r\n\r\n<li>Gestion des conflits internes<\/li>\r\n\r\n\r\n\r\n<li>Les diff\u00e9rentes causes de RPS au travail<\/li>\r\n\r\n\r\n\r\n<li>Les addictions facteurs de RPS<\/li>\r\n<\/ul>\r\n<\/div>\r\n<\/div>\r\n\r\n\r\n\r\n<div class=\"wp-block-group is-layout-flow wp-block-group-is-layout-flow\">\r\n<h3 class=\"wp-block-heading\">Public et pr\u00e9requis<\/h3>\r\n\r\n\r\n\r\n<div class=\"wp-block-group evenly is-nowrap is-layout-flex wp-container-core-group-is-layout-ad2f72ca wp-block-group-is-layout-flex\">\r\n<div class=\"wp-block-group is-layout-flow wp-block-group-is-layout-flow\">\r\n<h4 class=\"wp-block-heading centered\">Public<\/h4>\r\n\r\n\r\n\r\n<p>Toutes les personnes concern\u00e9es<\/p>\r\n<\/div>\r\n\r\n\r\n\r\n<div class=\"wp-block-group is-layout-flow wp-block-group-is-layout-flow\">\r\n<h4 class=\"wp-block-heading centered\">Pr\u00e9requis<\/h4>\r\n\r\n\r\n\r\n<ul class=\"wp-block-list\">\r\n<li>Aucun<\/li>\r\n<\/ul>\r\n<\/div>\r\n\r\n\r\n\r\n<div class=\"wp-block-group is-layout-flow wp-block-group-is-layout-flow\">\r\n<h4 class=\"wp-block-heading centered\">Capacit\u00e9 de session<\/h4>\r\n\r\n\r\n\r\n<p>Groupe de 1 \u00e0 10 personnes maximum<\/p>\r\n<\/div>\r\n<\/div>\r\n<\/div>\r\n\r\n\r\n\r\n<div class=\"wp-block-group is-layout-flow wp-block-group-is-layout-flow\">\r\n<h3 class=\"wp-block-heading\">Dur\u00e9e et lieu de formation<\/h3>\r\n\r\n\r\n\r\n<div class=\"wp-block-group evenly is-nowrap is-layout-flex wp-container-core-group-is-layout-ad2f72ca wp-block-group-is-layout-flex\">\r\n<div class=\"wp-block-group is-layout-flow wp-block-group-is-layout-flow\">\r\n<h4 class=\"wp-block-heading centered\">Dur\u00e9e<\/h4>\r\n\r\n\r\n\r\n<ul class=\"wp-block-list\">\r\n<li>1 jours soit 7 heures<\/li>\r\n<\/ul>\r\n<\/div>\r\n\r\n\r\n\r\n<div class=\"wp-block-group is-layout-flow wp-block-group-is-layout-flow\">\r\n<h4 class=\"wp-block-heading centered\">Lieu de formation<\/h4>\r\n\r\n\r\n\r\n<p>Sur votre site<\/p>\r\n<\/div>\r\n<\/div>\r\n<\/div>\r\n\r\n\r\n<hr class=\"wp-block-separator has-alpha-channel-opacity\" \/><\/section>\r\n\r\n\r\n\r\n<section class=\"wp-block-group training part is-layout-flow wp-block-group-is-layout-flow\">\r\n<h3 class=\"wp-block-heading\">Contenu<\/h3>\r\n\r\n\r\n\r\n<div class=\"wp-block-group is-layout-flow wp-block-group-is-layout-flow\">\r\n<ul class=\"wp-block-list\">\r\n<li>Appr\u00e9hender les risques psychosociaux de mani\u00e8re g\u00e9n\u00e9rale, les rep\u00e9rer, les nommer<\/li>\r\n\r\n\r\n\r\n<li>La d\u00e9marche de pr\u00e9vention des risques psychosociaux<\/li>\r\n\r\n\r\n\r\n<li>L&rsquo;impact des risques psychosociaux dans les institutions<\/li>\r\n\r\n\r\n\r\n<li>Les outils de la gestion des risques<\/li>\r\n\r\n\r\n\r\n<li>Savoir rep\u00e9rer les risques psychosociaux selon les cat\u00e9gories confront\u00e9es<\/li>\r\n<\/ul>\r\n<\/div>\r\n<\/section>\r\n\r\n\r\n\r\n<section class=\"wp-block-group training foot-part is-layout-flow wp-block-group-is-layout-flow\"><hr class=\"wp-block-separator has-alpha-channel-opacity is-style-default\" \/>\r\n\r\n\r\n<h3 class=\"wp-block-heading\">Moyens et m\u00e9thodes p\u00e9dagogiques<\/h3>\r\n\r\n\r\n\r\n<h4 class=\"wp-block-heading\">M\u00e9thodes p\u00e9dagogiques<\/h4>\r\n\r\n\r\n\r\n<ul class=\"wp-block-list\">\r\n<li>Partie th\u00e9orique sur power point (support de formation)<\/li>\r\n<li>Partie pratique exercices individuels et collectifs et Jeux de r\u00f4le et simulations<\/li>\r\n\r\n\r\n<\/ul>\r\n<h4 class=\"wp-block-heading\">Moyens p\u00e9dagogiques<\/h4>\r\n<ul>\r\n<li>Vid\u00e9o projecteur<\/li>\r\n<li>Livrets stagiaire<\/li>\r\n<\/ul>\r\n\r\n\r\n\r\n<h4 class=\"wp-block-heading\">Encadrement<\/h4>\r\n\r\n\r\n\r\n<p>Technicien formateur qualifi\u00e9<\/p>\r\n\r\n\r\n\r\n<h3 class=\"wp-block-heading\">Modalit\u00e9s de suivi et de validation<\/h3>\r\n\r\n\r\n\r\n<h4 class=\"wp-block-heading\">Suivi<\/h4>\r\n\r\n\r\n\r\n<p>\u00c9margement par demi-journ\u00e9e, \u00e9galement sign\u00e9e par le formateur.<\/p>\r\n\r\n\r\n\r\n<h4 class=\"wp-block-heading\">\u00c9valuation<\/h4>\r\n\r\n\r\n\r\n<ul class=\"wp-block-list\">\r\n<li>QCM de 10 questions avec un maximum de 10 points et un avis favorable \u00e0 partir de 7 points<\/li>\r\n<\/ul>\r\n\r\n\r\n\r\n<h4 class=\"wp-block-heading\">Validation<\/h4>\r\n\r\n\r\n\r\n<p>Cette formation donnera lieu \u00e0 la remise d&rsquo;une attestation de fin de formation<\/p>\r\n\r\n\r\n<hr class=\"wp-block-separator has-alpha-channel-opacity is-style-default\" \/>\r\n\r\n\r\n<h3 class=\"wp-block-heading\">Tarification<\/h3>\r\n\r\n\r\n\r\n<p>Co\u00fbt journalier : Nous contacter<\/p>\r\n\r\n\r\n\r\n<div class=\"wp-block-group ref-rev is-nowrap is-layout-flex wp-container-core-group-is-layout-ad2f72ca wp-block-group-is-layout-flex\">\r\n<p>R\u00e9f\u00e9rence : REFDIV005<\/p>\r\n\r\n\r\n<hr class=\"wp-block-separator has-alpha-channel-opacity\" \/>\r\n\r\n\r\n<p>R\u00e9vision : Nov 2025<\/p>\r\n\r\n\r\n\r\n<div class=\"wp-block-buttons is-layout-flex wp-block-buttons-is-layout-flex\">\r\n<div class=\"wp-block-button has-custom-font-size has-small-font-size\"><a class=\"wp-block-button__link has-white-color has-metallic-red-background-color has-text-color has-background wp-element-button\" style=\"border-radius: 5px; padding: var(--wp--preset--spacing--20);\" target=\"_blank\" rel=\"noreferrer noopener\">PDF<\/a><\/div>\r\n<\/div>\r\n<\/div>\r\n<\/section>\r\n","protected":false},"excerpt":{"rendered":"<p>Objectifs Conna\u00eetre les risques psychosociaux en entreprise Public et pr\u00e9requis Public Toutes les personnes concern\u00e9es Pr\u00e9requis Capacit\u00e9 de session Groupe de 1 \u00e0 10 personnes maximum Dur\u00e9e et lieu de formation Dur\u00e9e Lieu de formation Sur votre site Contenu Moyens et m\u00e9thodes p\u00e9dagogiques M\u00e9thodes p\u00e9dagogiques Encadrement Technicien formateur qualifi\u00e9 Modalit\u00e9s de suivi et de validation [&hellip;]<\/p>\n","protected":false},"author":2,"featured_media":0,"comment_status":"closed","ping_status":"open","sticky":false,"template":"","format":"standard","meta":{"footnotes":""},"categories":[11],"tags":[],"class_list":["post-1698","post","type-post","status-publish","format-standard","hentry","category-formations-generales"],"_links":{"self":[{"href":"https:\/\/www.ajf-formation.fr\/ajf2\/wp-json\/wp\/v2\/posts\/1698","targetHints":{"allow":["GET"]}}],"collection":[{"href":"https:\/\/www.ajf-formation.fr\/ajf2\/wp-json\/wp\/v2\/posts"}],"about":[{"href":"https:\/\/www.ajf-formation.fr\/ajf2\/wp-json\/wp\/v2\/types\/post"}],"author":[{"embeddable":true,"href":"https:\/\/www.ajf-formation.fr\/ajf2\/wp-json\/wp\/v2\/users\/2"}],"replies":[{"embeddable":true,"href":"https:\/\/www.ajf-formation.fr\/ajf2\/wp-json\/wp\/v2\/comments?post=1698"}],"version-history":[{"count":2,"href":"https:\/\/www.ajf-formation.fr\/ajf2\/wp-json\/wp\/v2\/posts\/1698\/revisions"}],"predecessor-version":[{"id":2335,"href":"https:\/\/www.ajf-formation.fr\/ajf2\/wp-json\/wp\/v2\/posts\/1698\/revisions\/2335"}],"wp:attachment":[{"href":"https:\/\/www.ajf-formation.fr\/ajf2\/wp-json\/wp\/v2\/media?parent=1698"}],"wp:term":[{"taxonomy":"category","embeddable":true,"href":"https:\/\/www.ajf-formation.fr\/ajf2\/wp-json\/wp\/v2\/categories?post=1698"},{"taxonomy":"post_tag","embeddable":true,"href":"https:\/\/www.ajf-formation.fr\/ajf2\/wp-json\/wp\/v2\/tags?post=1698"}],"curies":[{"name":"wp","href":"https:\/\/api.w.org\/{rel}","templated":true}]}}