{"id":1688,"date":"2024-01-23T15:19:14","date_gmt":"2024-01-23T14:19:14","guid":{"rendered":"https:\/\/www.arf-formation.fr\/arf2\/?p=1688"},"modified":"2025-11-18T14:54:29","modified_gmt":"2025-11-18T13:54:29","slug":"formation-economique-des-membres-du-cse","status":"publish","type":"post","link":"https:\/\/www.ajf-formation.fr\/ajf2\/formation-economique-des-membres-du-cse\/","title":{"rendered":"Formation \u00e9conomique des membres du CSE"},"content":{"rendered":"\r\n<section class=\"wp-block-group training is-layout-flow wp-block-group-is-layout-flow\"><hr class=\"wp-block-separator has-alpha-channel-opacity\" \/>\r\n\r\n\r\n<div class=\"wp-block-group is-layout-flow wp-block-group-is-layout-flow\">\r\n<h3 class=\"wp-block-heading\">Objectifs<\/h3>\r\n\r\n\r\n\r\n<ul class=\"wp-block-list\">\r\n<li>Comprendre la fonction \u00e9conomique d&rsquo;une entreprise, apprendre \u00e0 lire et interpr\u00e9ter un bilan et un compte de r\u00e9sultat<\/li>\r\n<\/ul>\r\n<\/div>\r\n\r\n\r\n\r\n<div class=\"wp-block-group is-layout-flow wp-block-group-is-layout-flow\">\r\n<h3 class=\"wp-block-heading\">Public et pr\u00e9requis<\/h3>\r\n\r\n\r\n\r\n<div class=\"wp-block-group evenly is-nowrap is-layout-flex wp-container-core-group-is-layout-ad2f72ca wp-block-group-is-layout-flex\">\r\n<div class=\"wp-block-group is-layout-flow wp-block-group-is-layout-flow\">\r\n<h4 class=\"wp-block-heading centered\">Public<\/h4>\r\n\r\n\r\n\r\n<p>Les membres titulaire du CSE<\/p>\r\n<\/div>\r\n\r\n\r\n\r\n<div class=\"wp-block-group is-layout-flow wp-block-group-is-layout-flow\">\r\n<h4 class=\"wp-block-heading centered\">Pr\u00e9requis<\/h4>\r\n\r\n\r\n\r\n<ul class=\"wp-block-list\">\r\n<li>Aucun<\/li>\r\n<\/ul>\r\n<\/div>\r\n\r\n\r\n\r\n<div class=\"wp-block-group is-layout-flow wp-block-group-is-layout-flow\">\r\n<h4 class=\"wp-block-heading centered\">Capacit\u00e9 de session<\/h4>\r\n\r\n\r\n\r\n<p>Groupe de 10 personnes maximum<\/p>\r\n<\/div>\r\n<\/div>\r\n<\/div>\r\n\r\n\r\n\r\n<div class=\"wp-block-group is-layout-flow wp-block-group-is-layout-flow\">\r\n<h3 class=\"wp-block-heading\">Dur\u00e9e et lieu de formation<\/h3>\r\n\r\n\r\n\r\n<div class=\"wp-block-group evenly is-nowrap is-layout-flex wp-container-core-group-is-layout-ad2f72ca wp-block-group-is-layout-flex\">\r\n<div class=\"wp-block-group is-layout-flow wp-block-group-is-layout-flow\">\r\n<h4 class=\"wp-block-heading centered\">Dur\u00e9e<\/h4>\r\n\r\n\r\n\r\n<ul class=\"wp-block-list\">\r\n<li>2 jours soit 14 heures<\/li>\r\n<\/ul>\r\n<\/div>\r\n\r\n\r\n\r\n<div class=\"wp-block-group is-layout-flow wp-block-group-is-layout-flow\">\r\n<h4 class=\"wp-block-heading centered\">Lieu de formation<\/h4>\r\n\r\n\r\n\r\n<p>Sur votre site<\/p>\r\n<\/div>\r\n<\/div>\r\n<\/div>\r\n\r\n\r\n<hr class=\"wp-block-separator has-alpha-channel-opacity\" \/><\/section>\r\n\r\n\r\n\r\n<section class=\"wp-block-group training part is-layout-flow wp-block-group-is-layout-flow\">\r\n<h3 class=\"wp-block-heading\">Contenu<\/h3>\r\n\r\n\r\n\r\n<div class=\"wp-block-group is-layout-flow wp-block-group-is-layout-flow\">\r\n<h4 class=\"wp-block-heading\">Savoir et savoir faire<\/h4>\r\n\r\n\r\n\r\n<ul class=\"wp-block-list\">\r\n<li>Les diff\u00e9rentes formes juridiques de l&rsquo;entreprise : soci\u00e9t\u00e9 anonymes \u00e0 conseil d&rsquo;administration ou \u00e0 directoire, soci\u00e9t\u00e9 \u00e0 responsabilit\u00e9 limit\u00e9e, soci\u00e9t\u00e9 civiles ect<\/li>\r\n\r\n\r\n\r\n<li>Avantage et inconv\u00e9nient, notion de filiale, strat\u00e9gie de d\u00e9veloppement<\/li>\r\n\r\n\r\n\r\n<li>Responsabilit\u00e9 civile et p\u00e9nale<\/li>\r\n\r\n\r\n\r\n<li>Mise en place du CSE, exercice du mandat, attributions<\/li>\r\n\r\n\r\n\r\n<li>Les m\u00e9canisme de base de la comptabilit\u00e9<\/li>\r\n\r\n\r\n\r\n<li>Bilan<\/li>\r\n\r\n\r\n\r\n<li>L&rsquo;imp\u00f4t sur les b\u00e9n\u00e9fices<\/li>\r\n\r\n\r\n\r\n<li>Les diff\u00e9rents \u00e9l\u00e9ments du compte de r\u00e9sultat<\/li>\r\n\r\n\r\n\r\n<li>Les dotations<\/li>\r\n\r\n\r\n\r\n<li>Les d\u00e9pr\u00e9ciations de marchandises<\/li>\r\n\r\n\r\n\r\n<li>Les d\u00e9pr\u00e9ciations de cr\u00e9ances<\/li>\r\n\r\n\r\n\r\n<li>Les ammortissements<\/li>\r\n\r\n\r\n\r\n<li>La variation des stocks<\/li>\r\n\r\n\r\n\r\n<li>Les produits<\/li>\r\n\r\n\r\n\r\n<li>Compte de r\u00e9sultat<\/li>\r\n\r\n\r\n\r\n<li>Les diff\u00e9rents \u00e9l\u00e9ments du bilan<\/li>\r\n\r\n\r\n\r\n<li>Le fond de roulement et les besoins en fond de roulement<\/li>\r\n\r\n\r\n\r\n<li>L&rsquo;endettement<\/li>\r\n\r\n\r\n\r\n<li>Les m\u00e9canismes de restructuration : fusion, scission, prise de participation ect<\/li>\r\n\r\n\r\n\r\n<li>Etude d\u00e9taill\u00e9e du bilan : actif, passif, poste particuliers<\/li>\r\n\r\n\r\n\r\n<li>Les notions de base de l&rsquo;analyse financi\u00e8re : stock, investissement, emprunt ect<\/li>\r\n\r\n\r\n\r\n<li>Difficult\u00e9s des entreprises : pr\u00e9vention et proc\u00e9dure d&rsquo;alerte commissaire aux comptes, liquidation, redressement, sauvegarde<\/li>\r\n\r\n\r\n\r\n<li>Activit\u00e9 annuelle : m\u00e9thodes comptables, produits, charges, actif, passif, r\u00e9sultat fiscal, CA, b\u00e9n\u00e9fice, perte<\/li>\r\n\r\n\r\n\r\n<li>Epargne salariale<\/li>\r\n\r\n\r\n\r\n<li>Int\u00e9ressement<\/li>\r\n<\/ul>\r\n<\/div>\r\n<\/section>\r\n\r\n\r\n\r\n<section class=\"wp-block-group training foot-part is-layout-flow wp-block-group-is-layout-flow\"><hr class=\"wp-block-separator has-alpha-channel-opacity is-style-default\" \/>\r\n\r\n\r\n<h3 class=\"wp-block-heading\">Moyens et m\u00e9thodes p\u00e9dagogiques\u00a0<\/h3>\r\n\r\n\r\n\r\n<h4 class=\"wp-block-heading\">M\u00e9thodes p\u00e9dagogiques<\/h4>\r\n\r\n\r\n\r\n<ul class=\"wp-block-list\">\r\n<li>Partie th\u00e9orique sur power point (support de formation)<\/li>\r\n<li>Alternance d\u2019exposer et de cas concret<\/li>\r\n<\/ul>\r\n<h4 class=\"wp-block-heading\">Moyens p\u00e9dagogiques<\/h4>\r\n<ul>\r\n<li>Vid\u00e9o projecteur<\/li>\r\n<li>Livret<\/li>\r\n<\/ul>\r\n\r\n\r\n\r\n<h4 class=\"wp-block-heading\">Encadrement<\/h4>\r\n\r\n\r\n\r\n<p>Technicien formateur qualifi\u00e9<\/p>\r\n\r\n\r\n\r\n<h3 class=\"wp-block-heading\">Modalit\u00e9s de suivi et de validation<\/h3>\r\n\r\n\r\n\r\n<h4 class=\"wp-block-heading\">Suivi<\/h4>\r\n\r\n\r\n\r\n<p>\u00c9margement par demi-journ\u00e9e, \u00e9galement sign\u00e9e par le formateur.<\/p>\r\n\r\n\r\n\r\n<h4 class=\"wp-block-heading\">\u00c9valuation<\/h4>\r\n\r\n\r\n\r\n<ul class=\"wp-block-list\">\r\n<li>Alternance d\u2019exposer et de cas concret<\/li>\r\n<li>Exercice pratique sur la base de retour d\u2019exp\u00e9riences personnelles<\/li>\r\n<\/ul>\r\n\r\n\r\n\r\n<h4 class=\"wp-block-heading\">Validation<\/h4>\r\n\r\n\r\n\r\n<p>Cette formation donnera lieu \u00e0 la remise d&rsquo;une attestation de fin de formation<\/p>\r\n\r\n\r\n<hr class=\"wp-block-separator has-alpha-channel-opacity is-style-default\" \/>\r\n\r\n\r\n<h3 class=\"wp-block-heading\">Tarification<\/h3>\r\n\r\n\r\n\r\n<p>Co\u00fbt journalier : Nous contacter<\/p>\r\n\r\n\r\n\r\n<div class=\"wp-block-group ref-rev is-nowrap is-layout-flex wp-container-core-group-is-layout-ad2f72ca wp-block-group-is-layout-flex\">\r\n<p>R\u00e9f\u00e9rence : REFCSE002<\/p>\r\n\r\n\r\n<hr class=\"wp-block-separator has-alpha-channel-opacity\" \/>\r\n\r\n\r\n<p>R\u00e9vision : Nov 2025<\/p>\r\n\r\n\r\n\r\n<div class=\"wp-block-buttons is-layout-flex wp-block-buttons-is-layout-flex\">\r\n<div class=\"wp-block-button has-custom-font-size has-small-font-size\"><a class=\"wp-block-button__link has-white-color has-metallic-red-background-color has-text-color has-background wp-element-button\" style=\"border-radius: 5px; padding: var(--wp--preset--spacing--20);\" target=\"_blank\" rel=\"noreferrer noopener\">PDF<\/a><\/div>\r\n<\/div>\r\n<\/div>\r\n<\/section>\r\n","protected":false},"excerpt":{"rendered":"<p>Objectifs Public et pr\u00e9requis Public Les membres titulaire du CSE Pr\u00e9requis Capacit\u00e9 de session Groupe de 10 personnes maximum Dur\u00e9e et lieu de formation Dur\u00e9e Lieu de formation Sur votre site Contenu Savoir et savoir faire Moyens et m\u00e9thodes p\u00e9dagogiques\u00a0 M\u00e9thodes p\u00e9dagogiques Encadrement Technicien formateur qualifi\u00e9 Modalit\u00e9s de suivi et de validation Suivi \u00c9margement par [&hellip;]<\/p>\n","protected":false},"author":2,"featured_media":0,"comment_status":"closed","ping_status":"open","sticky":false,"template":"","format":"standard","meta":{"footnotes":""},"categories":[11],"tags":[],"class_list":["post-1688","post","type-post","status-publish","format-standard","hentry","category-formations-generales"],"_links":{"self":[{"href":"https:\/\/www.ajf-formation.fr\/ajf2\/wp-json\/wp\/v2\/posts\/1688","targetHints":{"allow":["GET"]}}],"collection":[{"href":"https:\/\/www.ajf-formation.fr\/ajf2\/wp-json\/wp\/v2\/posts"}],"about":[{"href":"https:\/\/www.ajf-formation.fr\/ajf2\/wp-json\/wp\/v2\/types\/post"}],"author":[{"embeddable":true,"href":"https:\/\/www.ajf-formation.fr\/ajf2\/wp-json\/wp\/v2\/users\/2"}],"replies":[{"embeddable":true,"href":"https:\/\/www.ajf-formation.fr\/ajf2\/wp-json\/wp\/v2\/comments?post=1688"}],"version-history":[{"count":3,"href":"https:\/\/www.ajf-formation.fr\/ajf2\/wp-json\/wp\/v2\/posts\/1688\/revisions"}],"predecessor-version":[{"id":2431,"href":"https:\/\/www.ajf-formation.fr\/ajf2\/wp-json\/wp\/v2\/posts\/1688\/revisions\/2431"}],"wp:attachment":[{"href":"https:\/\/www.ajf-formation.fr\/ajf2\/wp-json\/wp\/v2\/media?parent=1688"}],"wp:term":[{"taxonomy":"category","embeddable":true,"href":"https:\/\/www.ajf-formation.fr\/ajf2\/wp-json\/wp\/v2\/categories?post=1688"},{"taxonomy":"post_tag","embeddable":true,"href":"https:\/\/www.ajf-formation.fr\/ajf2\/wp-json\/wp\/v2\/tags?post=1688"}],"curies":[{"name":"wp","href":"https:\/\/api.w.org\/{rel}","templated":true}]}}