{"id":1332,"date":"2023-04-11T15:16:20","date_gmt":"2023-04-11T13:16:20","guid":{"rendered":"https:\/\/www.arf-formation.fr\/arf2\/?p=1332"},"modified":"2025-10-28T14:49:32","modified_gmt":"2025-10-28T13:49:32","slug":"maintien-et-actualisation-des-competences-en-sauveteur-secouriste-du-travail","status":"publish","type":"post","link":"https:\/\/www.ajf-formation.fr\/ajf2\/maintien-et-actualisation-des-competences-en-sauveteur-secouriste-du-travail\/","title":{"rendered":"Maintien et Actualisation des Comp\u00e9tences  en Sauveteur Secouriste du Travail"},"content":{"rendered":"\r\n<section class=\"wp-block-group training is-layout-flow wp-block-group-is-layout-flow\"><hr class=\"wp-block-separator has-alpha-channel-opacity\" \/>\r\n\r\n\r\n<div class=\"wp-block-group is-layout-flow wp-block-group-is-layout-flow\">\r\n<h3 class=\"wp-block-heading\">Objectifs<\/h3>\r\n\r\n\r\n\r\n<ul class=\"wp-block-list\">\r\n<li>Maintenir les comp\u00e9tences du SST acquises lord de la formation continue, d\u00e9finies dans le r\u00e9f\u00e9rentiel de formation \u00e0 un niveau \u00e9quivalent voir sup\u00e9rieur \u00e0 celui de sa formation initiale<\/li>\r\n\r\n\r\n\r\n<li>Se former sur les changements techniques ou r\u00e9glementaires inh\u00e9rents aux actions de pr\u00e9vention et de secours<\/li>\r\n<\/ul>\r\n<\/div>\r\n\r\n\r\n\r\n<div class=\"wp-block-group is-layout-flow wp-block-group-is-layout-flow\">\r\n<h3 class=\"wp-block-heading\">Public et pr\u00e9requis<\/h3>\r\n\r\n\r\n\r\n<div class=\"wp-block-group evenly is-nowrap is-layout-flex wp-container-core-group-is-layout-ad2f72ca wp-block-group-is-layout-flex\">\r\n<div class=\"wp-block-group is-layout-flow wp-block-group-is-layout-flow\">\r\n<h4 class=\"wp-block-heading centered\">Public<\/h4>\r\n\r\n\r\n\r\n<ul class=\"wp-block-list\">\r\n<li>Toute personne titulaire du certificat de SST<\/li>\r\n<\/ul>\r\n<\/div>\r\n\r\n\r\n\r\n<div class=\"wp-block-group is-layout-flow wp-block-group-is-layout-flow\">\r\n<h4 class=\"wp-block-heading centered\">Pr\u00e9requis<\/h4>\r\n\r\n\r\n\r\n<ul class=\"wp-block-list\">\r\n<li>Etre acteur SST ( Sauveteur Secouriste du Travail)<\/li>\r\n<\/ul>\r\n<\/div>\r\n\r\n\r\n\r\n<div class=\"wp-block-group is-layout-flow wp-block-group-is-layout-flow\">\r\n<h4 class=\"wp-block-heading centered\">Capacit\u00e9 de session<\/h4>\r\n\r\n\r\n\r\n<ul class=\"wp-block-list\">\r\n<li>De 4 \u00e0 10 participants sans possibilit\u00e9 d&rsquo;aller au del\u00e0 de 10 participants<\/li>\r\n\r\n\r\n\r\n<li>En dessous de 4 participants la formation est ajourn\u00e9e<\/li>\r\n<\/ul>\r\n<\/div>\r\n<\/div>\r\n<\/div>\r\n\r\n\r\n\r\n<div class=\"wp-block-group is-layout-flow wp-block-group-is-layout-flow\">\r\n<h3 class=\"wp-block-heading\">Dur\u00e9e et lieu de formation<\/h3>\r\n\r\n\r\n\r\n<div class=\"wp-block-group evenly is-nowrap is-layout-flex wp-container-core-group-is-layout-ad2f72ca wp-block-group-is-layout-flex\">\r\n<div class=\"wp-block-group is-layout-flow wp-block-group-is-layout-flow\">\r\n<h4 class=\"wp-block-heading centered\">Dur\u00e9e<\/h4>\r\n\r\n\r\n\r\n<p>1 jour de formation \/ 7 heures<\/p>\r\n<\/div>\r\n\r\n\r\n\r\n<div class=\"wp-block-group is-layout-flow wp-block-group-is-layout-flow\">\r\n<h4 class=\"wp-block-heading centered\">Lieu de formation<\/h4>\r\n\r\n\r\n\r\n<p>Dans les locaux du client ou en interentreprises<\/p>\r\n<\/div>\r\n<\/div>\r\n<\/div>\r\n\r\n\r\n<hr class=\"wp-block-separator has-alpha-channel-opacity\" \/><\/section>\r\n\r\n\r\n\r\n<section class=\"wp-block-group training part is-layout-flow wp-block-group-is-layout-flow\">\r\n<h3 class=\"wp-block-heading\">Programme de la formation<\/h3>\r\n\r\n\r\n\r\n<div class=\"wp-block-group is-layout-flow wp-block-group-is-layout-flow\">\r\n<ul class=\"wp-block-list\">\r\n<li>Accueil des particiapnts<\/li>\r\n\r\n\r\n\r\n<li>Pr\u00e9sentation de la formation et son organisation<\/li>\r\n\r\n\r\n\r\n<li>Retour d&rsquo;exp\u00e9rience<\/li>\r\n\r\n\r\n\r\n<li>Rappels et mise \u00e0 jour des comp\u00e9tences sur les principes de base de la pr\u00e9vention<\/li>\r\n\r\n\r\n\r\n<li>Rappel et mise \u00e0 jour des comp\u00e9tences sur la protection et l&rsquo;alerte<\/li>\r\n\r\n\r\n\r\n<li>R\u00e9vision des gestes d&rsquo;urgence<\/li>\r\n\r\n\r\n\r\n<li>Mises en situation pratiques le plus proche possible du terrain<\/li>\r\n\r\n\r\n\r\n<li>Evaluation des acquis (grilles de certification INRS)<\/li>\r\n\r\n\r\n\r\n<li>Actualisation de la formation et bilan<\/li>\r\n\r\n\r\n\r\n<li>Evaluation des risques sp\u00e9cifiques de l&rsquo;entreprise ou de l&rsquo;\u00e9tablissement<\/li>\r\n\r\n\r\n\r\n<li>Port Actualisation des modifications du programme<\/li>\r\n<\/ul>\r\n<\/div>\r\n<\/section>\r\n\r\n\r\n\r\n<section class=\"wp-block-group training foot-part is-layout-flow wp-block-group-is-layout-flow\"><hr class=\"wp-block-separator has-alpha-channel-opacity is-style-default\" \/>\r\n\r\n\r\n<h3 class=\"wp-block-heading\">Moyens et m\u00e9thodes p\u00e9dagogiques\u00a0<\/h3>\r\n\r\n\r\n\r\n<h4 class=\"wp-block-heading\">M\u00e9thodes p\u00e9dagogiques<\/h4>\r\n\r\n\r\n\r\n<ul class=\"wp-block-list\">\r\n<li>Partie th\u00e9orique sur power point (support de formation)<\/li>\r\n<li>Partie pratique utilisation du d\u00e9fibrillateur, Massage cardiaque sur mannequin, alerter les secours, les gestes de premier secours\u2026.)\u00a0<\/li>\r\n<\/ul>\r\n<h4 class=\"wp-block-heading\">Moyens p\u00e9dagogiques<\/h4>\r\n<ul class=\"wp-block-list\">\r\n<li>D\u00e9fibrillateur<\/li>\r\n<li>Mannequin (Adulte, enfant et nourrisson)<\/li>\r\n<li>Salle de formation<\/li>\r\n<li>vid\u00e9o projecteur<\/li>\r\n<li>livrets stagiaires<\/li>\r\n<\/ul>\r\n\r\n\r\n\r\n<h4 class=\"wp-block-heading\">Encadrement<\/h4>\r\n\r\n\r\n\r\n<p>Formateur SST certifi\u00e9 par le r\u00e9seau assurance maladie risques professionnels \/ INRS<\/p>\r\n\r\n\r\n\r\n<h3 class=\"wp-block-heading\">Modalit\u00e9s de suivi et de validation<\/h3>\r\n\r\n\r\n\r\n<h4 class=\"wp-block-heading\">Suivi<\/h4>\r\n\r\n\r\n\r\n<p>\u00c9margement par demi-journ\u00e9e, \u00e9galement sign\u00e9e par le formateur.<\/p>\r\n\r\n\r\n\r\n<h4 class=\"wp-block-heading\">\u00c9valuation<\/h4>\r\n\r\n\r\n\r\n<ul class=\"wp-block-list\">\r\n<li>Grille de certification des comp\u00e9tences du SST<\/li>\r\n\r\n\r\n\r\n<li>Cas concret<\/li>\r\n\r\n\r\n\r\n<li>Mis en situations inh\u00e9rentes aux risques sp\u00e9cifiques et questionnaire de pr\u00e9vention<\/li>\r\n<\/ul>\r\n\r\n\r\n\r\n<h4 class=\"wp-block-heading\">Validation<\/h4>\r\n\r\n\r\n\r\n<ul class=\"wp-block-list\">\r\n<li>L&rsquo;\u00e9valuation certificative, selon les crit\u00e8res d\u00e9finis par l&rsquo;INRS est port\u00e9s sur un document national nomm\u00e9 \u00ab\u00a0Grille de certification des comp\u00e9tences du SST\u00a0\u00bb permet, si elle est favorable, de d\u00e9livrer un certificat de sauveteur secouriste du travail valable 2 ans. Dans le cas contraire, le participant se verra remettre une attestation de suivi de formation<\/li>\r\n\r\n\r\n\r\n<li>A l&rsquo;issue de la session, le stagiaire sera inscrit au fichier National FORPREV<\/li>\r\n<\/ul>\r\n\r\n\r\n\r\n<section class=\"wp-block-group training part is-layout-flow wp-block-group-is-layout-flow\">\r\n<h3 class=\"wp-block-heading\">Recyclage<\/h3>\r\n\r\n\r\n\r\n<div class=\"wp-block-group is-layout-flow wp-block-group-is-layout-flow\">\r\n<ul class=\"wp-block-list\">\r\n<li>Le recyclage suivant doit avoir lieu dans les 24 mois pour 7 heures de formation<\/li>\r\n<\/ul>\r\n<\/div>\r\n<\/section>\r\n\r\n\r\n<hr class=\"wp-block-separator has-alpha-channel-opacity is-style-default\" \/>\r\n\r\n\r\n<h3 class=\"wp-block-heading\">Tarification<\/h3>\r\n\r\n\r\n\r\n<p>Co\u00fbt journalier : \u00e0 partir de 700 \u20ac ht<\/p>\r\n\r\n\r\n\r\n<div class=\"wp-block-group ref-rev is-nowrap is-layout-flex wp-container-core-group-is-layout-ad2f72ca wp-block-group-is-layout-flex\">\r\n<p>R\u00e9f\u00e9rence : REFSST002<\/p>\r\n\r\n\r\n<hr class=\"wp-block-separator has-alpha-channel-opacity\" \/>\r\n\r\n\r\n<p>R\u00e9vision : Jan. 2023<\/p>\r\n\r\n\r\n\r\n<div class=\"wp-block-buttons is-layout-flex wp-block-buttons-is-layout-flex\">\r\n<div class=\"wp-block-button has-custom-font-size has-small-font-size\"><a class=\"wp-block-button__link has-white-color has-metallic-red-background-color has-text-color has-background wp-element-button\" style=\"border-radius: 5px; padding: var(--wp--preset--spacing--20);\" target=\"_blank\" rel=\"noreferrer noopener\">PDF<\/a><\/div>\r\n<\/div>\r\n<\/div>\r\n<\/section>\r\n","protected":false},"excerpt":{"rendered":"<p>Objectifs Public et pr\u00e9requis Public Pr\u00e9requis Capacit\u00e9 de session Dur\u00e9e et lieu de formation Dur\u00e9e 1 jour de formation \/ 7 heures Lieu de formation Dans les locaux du client ou en interentreprises Programme de la formation Moyens et m\u00e9thodes p\u00e9dagogiques\u00a0 M\u00e9thodes p\u00e9dagogiques Encadrement Formateur SST certifi\u00e9 par le r\u00e9seau assurance maladie risques professionnels \/ [&hellip;]<\/p>\n","protected":false},"author":2,"featured_media":1331,"comment_status":"closed","ping_status":"open","sticky":false,"template":"","format":"standard","meta":{"footnotes":""},"categories":[16],"tags":[],"class_list":["post-1332","post","type-post","status-publish","format-standard","has-post-thumbnail","hentry","category-secourisme-ergonomie"],"_links":{"self":[{"href":"https:\/\/www.ajf-formation.fr\/ajf2\/wp-json\/wp\/v2\/posts\/1332","targetHints":{"allow":["GET"]}}],"collection":[{"href":"https:\/\/www.ajf-formation.fr\/ajf2\/wp-json\/wp\/v2\/posts"}],"about":[{"href":"https:\/\/www.ajf-formation.fr\/ajf2\/wp-json\/wp\/v2\/types\/post"}],"author":[{"embeddable":true,"href":"https:\/\/www.ajf-formation.fr\/ajf2\/wp-json\/wp\/v2\/users\/2"}],"replies":[{"embeddable":true,"href":"https:\/\/www.ajf-formation.fr\/ajf2\/wp-json\/wp\/v2\/comments?post=1332"}],"version-history":[{"count":2,"href":"https:\/\/www.ajf-formation.fr\/ajf2\/wp-json\/wp\/v2\/posts\/1332\/revisions"}],"predecessor-version":[{"id":2430,"href":"https:\/\/www.ajf-formation.fr\/ajf2\/wp-json\/wp\/v2\/posts\/1332\/revisions\/2430"}],"wp:featuredmedia":[{"embeddable":true,"href":"https:\/\/www.ajf-formation.fr\/ajf2\/wp-json\/wp\/v2\/media\/1331"}],"wp:attachment":[{"href":"https:\/\/www.ajf-formation.fr\/ajf2\/wp-json\/wp\/v2\/media?parent=1332"}],"wp:term":[{"taxonomy":"category","embeddable":true,"href":"https:\/\/www.ajf-formation.fr\/ajf2\/wp-json\/wp\/v2\/categories?post=1332"},{"taxonomy":"post_tag","embeddable":true,"href":"https:\/\/www.ajf-formation.fr\/ajf2\/wp-json\/wp\/v2\/tags?post=1332"}],"curies":[{"name":"wp","href":"https:\/\/api.w.org\/{rel}","templated":true}]}}